{"id":9445,"date":"2019-11-15T17:49:57","date_gmt":"2019-11-15T16:49:57","guid":{"rendered":"http:\/\/uscatletica.ch\/wp\/?p=9445"},"modified":"2019-11-26T15:21:13","modified_gmt":"2019-11-26T14:21:13","slug":"martedi-19-11-19-mercato-divise-usc","status":"publish","type":"post","link":"https:\/\/uscatletica.ch\/wp\/?p=9445","title":{"rendered":"MARTEDI 19.11.19 MERCATO DIVISE USC"},"content":{"rendered":"\n<p>Marted\u00ec 19.11.19 dalle 18.30 alle 19.30 all&#8217;arena sportiva si terr\u00e0 un mercato dove sar\u00e0 possibile acquistare tutto il materiale USC .<\/p>\n","protected":false},"excerpt":{"rendered":"<p>Marted\u00ec 19.11.19 dalle 18.30 alle 19.30 all&#8217;arena sportiva si terr\u00e0 un mercato dove sar\u00e0 possibile acquistare tutto il materiale USC .<\/p>\n","protected":false},"author":4,"featured_media":1566,"comment_status":"closed","ping_status":"closed","sticky":false,"template":"","format":"standard","meta":{"jetpack_post_was_ever_published":false,"_jetpack_newsletter_access":"","_jetpack_dont_email_post_to_subs":false,"_jetpack_newsletter_tier_id":0,"_jetpack_memberships_contains_paywalled_content":false,"_jetpack_memberships_contains_paid_content":false,"footnotes":"","jetpack_publicize_message":"","jetpack_publicize_feature_enabled":true,"jetpack_social_post_already_shared":true,"jetpack_social_options":{"image_generator_settings":{"template":"highway","default_image_id":0,"font":"","enabled":false},"version":2}},"categories":[12,5,8],"tags":[],"class_list":["post-9445","post","type-post","status-publish","format-standard","has-post-thumbnail","hentry","category-nostregare","category-podismo","category-staffette"],"jetpack_publicize_connections":[],"jetpack_featured_media_url":"https:\/\/i0.wp.com\/uscatletica.ch\/wp\/wp-content\/uploads\/2016\/04\/logoimmaginesito.png?fit=563%2C294&ssl=1","jetpack_sharing_enabled":true,"jetpack_shortlink":"https:\/\/wp.me\/p6V7Ck-2sl","jetpack-related-posts":[{"id":5050,"url":"https:\/\/uscatletica.ch\/wp\/?p=5050","url_meta":{"origin":9445,"position":0},"title":"Mercato articoli USC Martedi 10 ottobre Arena Sportiva Capriasca","author":"Leonida Stampanoni","date":"2 Ottobre 2017","format":false,"excerpt":"Martedi 10 Ottobre dalle 17.00 alle 19.00 presso l'Arena Sportiva ci sar\u00e0 la possibilit\u00e0 di acquistare tutti gli articoli USC necessari per affrontare la nuova stagione 2017-2018 Tutti gli articoli a disposizione Tutti gli articoli a disposizione","rel":"","context":"In &quot;Diversi&quot;","block_context":{"text":"Diversi","link":"https:\/\/uscatletica.ch\/wp\/?cat=30"},"img":{"alt_text":"","src":"https:\/\/i0.wp.com\/uscatletica.ch\/wp\/wp-content\/uploads\/2017\/02\/borseusc17.jpg?fit=563%2C383&ssl=1&resize=350%2C200","width":350,"height":200,"srcset":"https:\/\/i0.wp.com\/uscatletica.ch\/wp\/wp-content\/uploads\/2017\/02\/borseusc17.jpg?fit=563%2C383&ssl=1&resize=350%2C200 1x, https:\/\/i0.wp.com\/uscatletica.ch\/wp\/wp-content\/uploads\/2017\/02\/borseusc17.jpg?fit=563%2C383&ssl=1&resize=525%2C300 1.5x"},"classes":[]},{"id":5404,"url":"https:\/\/uscatletica.ch\/wp\/?p=5404","url_meta":{"origin":9445,"position":1},"title":"COPPA TICINO CROSS CLASSIFICA FINALE CAMPIONATI TICINESI DI CROSS Banco","author":"Leonida Stampanoni","date":"6 Gennaio 2018","format":false,"excerpt":"COPPA TICINO CROSS FTAL 2017-2018\u00a0 Laube -Greenkey \u00a0 La coppa Ticino 2017-2018\u00a0 patrocinata dalla FTAL\u00a0 avr\u00e0 iscrizioni e classifiche gestita per la prima volta da Mysdam tramite il portale \u00a0 Endu.net.\u00a0\u00a0 3 Marzo CAMPIONATI SVIZZERI DI CROSS GENEVE CLASSIFICHE FINALI COPPA TICINO CROSS Classifica finale coppa Ticino FTAL CAMPIONATI TICINESI\u2026","rel":"","context":"In &quot;Altro&quot;","block_context":{"text":"Altro","link":"https:\/\/uscatletica.ch\/wp\/?cat=11"},"img":{"alt_text":"","src":"https:\/\/i0.wp.com\/uscatletica.ch\/wp\/wp-content\/uploads\/2017\/12\/podiocrosspom1712m40.jpg?fit=532%2C399&ssl=1&resize=350%2C200","width":350,"height":200,"srcset":"https:\/\/i0.wp.com\/uscatletica.ch\/wp\/wp-content\/uploads\/2017\/12\/podiocrosspom1712m40.jpg?fit=532%2C399&ssl=1&resize=350%2C200 1x, https:\/\/i0.wp.com\/uscatletica.ch\/wp\/wp-content\/uploads\/2017\/12\/podiocrosspom1712m40.jpg?fit=532%2C399&ssl=1&resize=525%2C300 1.5x"},"classes":[]},{"id":6780,"url":"https:\/\/uscatletica.ch\/wp\/?p=6780","url_meta":{"origin":9445,"position":2},"title":"Mercatino Martedi 10 Ottobre dalle 18.00 alle 19.00 presso l&#8217;Arena Sportiva","author":"Leonida Stampanoni","date":"4 Novembre 2018","format":false,"excerpt":"Martedi 6 Novembre dalle 18.00 alle 19.00 presso l'Arena Sportiva ci sar\u00e0 la possibilit\u00e0 di acquistare tutti gli articoli USC necessari per affrontare la nuova stagione 2018-2019 Tutti gli articoli a disposizione Tutti gli articoli a disposizione","rel":"","context":"In &quot;Diversi&quot;","block_context":{"text":"Diversi","link":"https:\/\/uscatletica.ch\/wp\/?cat=30"},"img":{"alt_text":"","src":"https:\/\/i0.wp.com\/uscatletica.ch\/wp\/wp-content\/uploads\/2017\/02\/borseusc17.jpg?fit=563%2C383&ssl=1&resize=350%2C200","width":350,"height":200,"srcset":"https:\/\/i0.wp.com\/uscatletica.ch\/wp\/wp-content\/uploads\/2017\/02\/borseusc17.jpg?fit=563%2C383&ssl=1&resize=350%2C200 1x, https:\/\/i0.wp.com\/uscatletica.ch\/wp\/wp-content\/uploads\/2017\/02\/borseusc17.jpg?fit=563%2C383&ssl=1&resize=525%2C300 1.5x"},"classes":[]},{"id":1952,"url":"https:\/\/uscatletica.ch\/wp\/?p=1952","url_meta":{"origin":9445,"position":3},"title":"USC CANOTTIERE, MAGLIETTE E TOP FRESCHI DI STAMPA (foto divise uomini)","author":"Leonida Stampanoni","date":"2 Giugno 2016","format":false,"excerpt":"Atleti USC sorridete finalmente sono disponibili i nuovi indumenti da gara griffati con il logo della nostra grintosa e veloce capra. Tutti gli articoli sono acquistabili martedi e giovedi dalle 17.30 alle 19.00 direttamente all'Arena Sportiva a partire dal 2 giugno 2016 da Anna e Jonathan Da subito potrete poi\u2026","rel":"","context":"In &quot;Diversi&quot;","block_context":{"text":"Diversi","link":"https:\/\/uscatletica.ch\/wp\/?cat=30"},"img":{"alt_text":"","src":"https:\/\/i0.wp.com\/uscatletica.ch\/wp\/wp-content\/uploads\/2016\/06\/prodottiUSC2016.png?fit=563%2C367&ssl=1&resize=350%2C200","width":350,"height":200,"srcset":"https:\/\/i0.wp.com\/uscatletica.ch\/wp\/wp-content\/uploads\/2016\/06\/prodottiUSC2016.png?fit=563%2C367&ssl=1&resize=350%2C200 1x, https:\/\/i0.wp.com\/uscatletica.ch\/wp\/wp-content\/uploads\/2016\/06\/prodottiUSC2016.png?fit=563%2C367&ssl=1&resize=525%2C300 1.5x"},"classes":[]},{"id":5163,"url":"https:\/\/uscatletica.ch\/wp\/?p=5163","url_meta":{"origin":9445,"position":4},"title":"COPPA TICINO CROSS le classifiche dopo tre gare prima parte","author":"Leonida Stampanoni","date":"6 Novembre 2017","format":false,"excerpt":"COPPA TICINO CROSS FTAL 2017-2018\u00a0 Laube -Greenkey \u00a0 La coppa Ticino 2017-2018\u00a0 patrocinata dalla FTAL\u00a0 avr\u00e0 iscrizioni e classifiche gestita per la prima volta da Mysdam tramite il portale \u00a0 Endu.net.\u00a0\u00a0 CLASSIFICHE COPPA TICINO DOPO LE PRIME TRE PROVE Classifica individuale Classifica Societa CROSS DI POM CAPRIASCA Domenica 3 Dicembre\u2026","rel":"","context":"In &quot;Cross&quot;","block_context":{"text":"Cross","link":"https:\/\/uscatletica.ch\/wp\/?cat=7"},"img":{"alt_text":"","src":"https:\/\/i0.wp.com\/uscatletica.ch\/wp\/wp-content\/uploads\/2017\/03\/P1450159.jpg?fit=563%2C422&ssl=1&resize=350%2C200","width":350,"height":200,"srcset":"https:\/\/i0.wp.com\/uscatletica.ch\/wp\/wp-content\/uploads\/2017\/03\/P1450159.jpg?fit=563%2C422&ssl=1&resize=350%2C200 1x, https:\/\/i0.wp.com\/uscatletica.ch\/wp\/wp-content\/uploads\/2017\/03\/P1450159.jpg?fit=563%2C422&ssl=1&resize=525%2C300 1.5x"},"classes":[]},{"id":10762,"url":"https:\/\/uscatletica.ch\/wp\/?p=10762","url_meta":{"origin":9445,"position":5},"title":"ALLENAMENTI 2020\/2021","author":"Leonida Stampanoni","date":"4 Settembre 2020","format":false,"excerpt":"ALLENAMENTI 2020\/2021 La seconda settimana di settembre inizieranno gli allenamenti USC all\u2019Arena sportiva Capriasca e Valcolla.Informazioni riguardanti il progetto di protezione Covid-19 saranno consegnate a tutti gli iscritti. Scuole elementari Il gruppo 1a-2a elementare (2013-2014) si allena il\u00a0gioved\u00ec dalle 17:15 alle 18:30,Ripresa degli allenamenti: gioved\u00ec 10 settembre 2020. Il gruppo\u2026","rel":"","context":"In &quot;I nostri appuntamenti&quot;","block_context":{"text":"I nostri appuntamenti","link":"https:\/\/uscatletica.ch\/wp\/?cat=12"},"img":{"alt_text":"","src":"https:\/\/i0.wp.com\/uscatletica.ch\/wp\/wp-content\/uploads\/2020\/09\/200902MGRISC.jpg?fit=421%2C316&ssl=1&resize=350%2C200","width":350,"height":200},"classes":[]}],"_links":{"self":[{"href":"https:\/\/uscatletica.ch\/wp\/index.php?rest_route=\/wp\/v2\/posts\/9445","targetHints":{"allow":["GET"]}}],"collection":[{"href":"https:\/\/uscatletica.ch\/wp\/index.php?rest_route=\/wp\/v2\/posts"}],"about":[{"href":"https:\/\/uscatletica.ch\/wp\/index.php?rest_route=\/wp\/v2\/types\/post"}],"author":[{"embeddable":true,"href":"https:\/\/uscatletica.ch\/wp\/index.php?rest_route=\/wp\/v2\/users\/4"}],"replies":[{"embeddable":true,"href":"https:\/\/uscatletica.ch\/wp\/index.php?rest_route=%2Fwp%2Fv2%2Fcomments&post=9445"}],"version-history":[{"count":1,"href":"https:\/\/uscatletica.ch\/wp\/index.php?rest_route=\/wp\/v2\/posts\/9445\/revisions"}],"predecessor-version":[{"id":9447,"href":"https:\/\/uscatletica.ch\/wp\/index.php?rest_route=\/wp\/v2\/posts\/9445\/revisions\/9447"}],"wp:featuredmedia":[{"embeddable":true,"href":"https:\/\/uscatletica.ch\/wp\/index.php?rest_route=\/wp\/v2\/media\/1566"}],"wp:attachment":[{"href":"https:\/\/uscatletica.ch\/wp\/index.php?rest_route=%2Fwp%2Fv2%2Fmedia&parent=9445"}],"wp:term":[{"taxonomy":"category","embeddable":true,"href":"https:\/\/uscatletica.ch\/wp\/index.php?rest_route=%2Fwp%2Fv2%2Fcategories&post=9445"},{"taxonomy":"post_tag","embeddable":true,"href":"https:\/\/uscatletica.ch\/wp\/index.php?rest_route=%2Fwp%2Fv2%2Ftags&post=9445"}],"curies":[{"name":"wp","href":"https:\/\/api.w.org\/{rel}","templated":true}]}}