{"id":9859,"date":"2020-01-31T07:35:42","date_gmt":"2020-01-31T06:35:42","guid":{"rendered":"http:\/\/uscatletica.ch\/wp\/?p=9859"},"modified":"2020-02-02T17:40:53","modified_gmt":"2020-02-02T16:40:53","slug":"macolin-poker-usc-in-pista","status":"publish","type":"post","link":"https:\/\/uscatletica.ch\/wp\/?p=9859","title":{"rendered":"MACOLIN POKER USC IN PISTA"},"content":{"rendered":"\n<p>Alla Ende Der Welt di Macolin, cuore pulsante dello sport svizzero, \u00a0nel fine settimana ci saranno i campionati svizzeri di gare multiple abbinate ad un meeting nazionale in pista ci sar\u00e0 anche il campione europeo U20 di Decathlon Simon Ehammer. La neo primatista ticinese U20 del getto del peso Giada \u00a0guider\u00e0 il nostro poker d&#8217;assi completato da Morena (Peso), e dalle velociste Matilda e Leila \u00a0che saranno seguite e sostenute da Loris. il nostro quartetto garegger\u00e0 domenica al via anche un decina di altri atleti ticinesi<\/p>\n<h2><a href=\"https:\/\/www.swiss-athletics.ch\/de\/wettkaempfe-2\/\" target=\"_blank\" rel=\"noopener noreferrer\">RISULTATI LIVE ED ORARIO<\/a> \u00a0<\/h2>\n","protected":false},"excerpt":{"rendered":"<p>Alla Ende Der Welt di Macolin, cuore pulsante dello sport svizzero, \u00a0nel fine settimana ci saranno i campionati svizzeri di gare multiple abbinate ad un meeting nazionale in pista ci sar\u00e0 anche il campione europeo U20 di Decathlon Simon Ehammer. La neo primatista ticinese U20 del getto del peso Giada \u00a0guider\u00e0 il nostro poker d&#8217;assi completato da Morena (Peso), e dalle velociste Matilda e Leila \u00a0che saranno seguite e sostenute da Loris. il nostro quartetto&#8230;<\/p>\n","protected":false},"author":4,"featured_media":9208,"comment_status":"closed","ping_status":"closed","sticky":false,"template":"","format":"standard","meta":{"jetpack_post_was_ever_published":false,"_jetpack_newsletter_access":"","_jetpack_dont_email_post_to_subs":false,"_jetpack_newsletter_tier_id":0,"_jetpack_memberships_contains_paywalled_content":false,"_jetpack_memberships_contains_paid_content":false,"footnotes":"","jetpack_publicize_message":"","jetpack_publicize_feature_enabled":true,"jetpack_social_post_already_shared":false,"jetpack_social_options":{"image_generator_settings":{"template":"highway","default_image_id":0,"font":"","enabled":false},"version":2}},"categories":[4],"tags":[],"class_list":["post-9859","post","type-post","status-publish","format-standard","has-post-thumbnail","hentry","category-pista"],"jetpack_publicize_connections":[],"jetpack_featured_media_url":"https:\/\/i0.wp.com\/uscatletica.ch\/wp\/wp-content\/uploads\/2019\/09\/podiomatilda.jpg?fit=432%2C324&ssl=1","jetpack_sharing_enabled":true,"jetpack_shortlink":"https:\/\/wp.me\/p6V7Ck-2z1","jetpack-related-posts":[{"id":820,"url":"https:\/\/uscatletica.ch\/wp\/?p=820","url_meta":{"origin":9859,"position":0},"title":"Simone in gara a Macolin TRIPLO PRIMATO TICINESE","author":"Leonida Stampanoni","date":"6 Febbraio 2016","format":false,"excerpt":"A Macolin in programma un meeting nazionale abbinato ai campionati svizzeri di gare multiple per l'USC Simone si presenta due volte al via nel salto con l'asta ed una volta sui 200 m \u00a0. Alla palestra Ende der Welt molti tra i migliori atleti svizzeri\u00a0I risultati live da Macolin. Simone\u2026","rel":"","context":"In &quot;Pista&quot;","block_context":{"text":"Pista","link":"https:\/\/uscatletica.ch\/wp\/?cat=4"},"img":{"alt_text":"","src":"https:\/\/i0.wp.com\/uscatletica.ch\/wp\/wp-content\/uploads\/2016\/01\/P1370405-1.jpg?fit=563%2C422&ssl=1&resize=350%2C200","width":350,"height":200,"srcset":"https:\/\/i0.wp.com\/uscatletica.ch\/wp\/wp-content\/uploads\/2016\/01\/P1370405-1.jpg?fit=563%2C422&ssl=1&resize=350%2C200 1x, https:\/\/i0.wp.com\/uscatletica.ch\/wp\/wp-content\/uploads\/2016\/01\/P1370405-1.jpg?fit=563%2C422&ssl=1&resize=525%2C300 1.5x"},"classes":[]},{"id":16707,"url":"https:\/\/uscatletica.ch\/wp\/?p=16707","url_meta":{"origin":9859,"position":1},"title":"Il fine settimana un duo a Macolin un trio ad Al\u00e0 dei Sardi","author":"Leonida Stampanoni","date":"23 Febbraio 2023","format":false,"excerpt":"Nel fine settimana saranno due gli appuntamenti di un certo prestigio per le atlete USC, le velociste Matilda ed Alice saranno impegnate ai campionati svizzeri giovanili indoor di Macolin, dal canto loro Federica,Selina e Martine ,specialiste del cross, partiranno domani per un fine settimana lungo in Sardegna dove con la\u2026","rel":"","context":"In &quot;Cross&quot;","block_context":{"text":"Cross","link":"https:\/\/uscatletica.ch\/wp\/?cat=7"},"img":{"alt_text":"","src":"https:\/\/i0.wp.com\/uscatletica.ch\/wp\/wp-content\/uploads\/2019\/02\/ticinou18u20aladeisardi.jpg?fit=964%2C1200&ssl=1&resize=350%2C200","width":350,"height":200,"srcset":"https:\/\/i0.wp.com\/uscatletica.ch\/wp\/wp-content\/uploads\/2019\/02\/ticinou18u20aladeisardi.jpg?fit=964%2C1200&ssl=1&resize=350%2C200 1x, https:\/\/i0.wp.com\/uscatletica.ch\/wp\/wp-content\/uploads\/2019\/02\/ticinou18u20aladeisardi.jpg?fit=964%2C1200&ssl=1&resize=525%2C300 1.5x, https:\/\/i0.wp.com\/uscatletica.ch\/wp\/wp-content\/uploads\/2019\/02\/ticinou18u20aladeisardi.jpg?fit=964%2C1200&ssl=1&resize=700%2C400 2x"},"classes":[]},{"id":7315,"url":"https:\/\/uscatletica.ch\/wp\/?p=7315","url_meta":{"origin":9859,"position":2},"title":"Giada al via ai Campionati Svizzeri","author":"Leonida Stampanoni","date":"22 Febbraio 2019","format":false,"excerpt":"La Ende der Welt di Macolin torner\u00e0 ad ospitare i campionati svizzeri giovanili Indoor. 700 gli atleti al via nella due giorni di gare, dal Ticino una settantina i giovani talenti a caccia di medaglie, La nostra Giada sar\u00e0 l'unica a difendere i colori USC scender\u00e0 in pedana nel peso\u2026","rel":"","context":"In &quot;Pista&quot;","block_context":{"text":"Pista","link":"https:\/\/uscatletica.ch\/wp\/?cat=4"},"img":{"alt_text":"","src":"https:\/\/i0.wp.com\/uscatletica.ch\/wp\/wp-content\/uploads\/2019\/01\/giadctu20peso19b.jpg?fit=640%2C480&ssl=1&resize=350%2C200","width":350,"height":200,"srcset":"https:\/\/i0.wp.com\/uscatletica.ch\/wp\/wp-content\/uploads\/2019\/01\/giadctu20peso19b.jpg?fit=640%2C480&ssl=1&resize=350%2C200 1x, https:\/\/i0.wp.com\/uscatletica.ch\/wp\/wp-content\/uploads\/2019\/01\/giadctu20peso19b.jpg?fit=640%2C480&ssl=1&resize=525%2C300 1.5x"},"classes":[]},{"id":7021,"url":"https:\/\/uscatletica.ch\/wp\/?p=7021","url_meta":{"origin":9859,"position":3},"title":"A Locarno parte la stagione Indoor","author":"Leonida Stampanoni","date":"15 Gennaio 2019","format":false,"excerpt":"Mercoled\u00ec al Palexpo di Locarno con il Trittico della velocit\u00e0 partir\u00e0 la stagione Indoor Ticinese. in serata si garegger\u00e0 su 30 m. 50 m e 60 m e nel getto del peso. Sabato ci saranno alla Regazzi i campionati ticinesi di peso alto lungo triplo. Il tris ticinese si completer\u00e0\u2026","rel":"","context":"In &quot;Pista&quot;","block_context":{"text":"Pista","link":"https:\/\/uscatletica.ch\/wp\/?cat=4"},"img":{"alt_text":"","src":"https:\/\/i0.wp.com\/uscatletica.ch\/wp\/wp-content\/uploads\/2018\/04\/P1460145.jpg?fit=563%2C422&ssl=1&resize=350%2C200","width":350,"height":200,"srcset":"https:\/\/i0.wp.com\/uscatletica.ch\/wp\/wp-content\/uploads\/2018\/04\/P1460145.jpg?fit=563%2C422&ssl=1&resize=350%2C200 1x, https:\/\/i0.wp.com\/uscatletica.ch\/wp\/wp-content\/uploads\/2018\/04\/P1460145.jpg?fit=563%2C422&ssl=1&resize=525%2C300 1.5x"},"classes":[]},{"id":14310,"url":"https:\/\/uscatletica.ch\/wp\/?p=14310","url_meta":{"origin":9859,"position":4},"title":"GIADA E ROBY AGLI ASSOLUTI DI MACOLIN","author":"Leonida Stampanoni","date":"25 Febbraio 2022","format":false,"excerpt":"I campionati svizzeri indoor saranno l'avvenimento atletico del fine settimana . Alla Ende Der Welt di Macolin ci sar\u00e0 il meglio dell'atletica Svizzera \u00a0per l'USC ci saranno Giada e Roberto. Per il Ticino fresco di limite per i mondiali ci sar\u00e0 Ricky Petrucciani accompagnato da Filippo Moggi fresco di miglior\u2026","rel":"","context":"In &quot;Pista&quot;","block_context":{"text":"Pista","link":"https:\/\/uscatletica.ch\/wp\/?cat=4"},"img":{"alt_text":"","src":"https:\/\/i0.wp.com\/uscatletica.ch\/wp\/wp-content\/uploads\/2020\/01\/10.jpg?fit=432%2C288&ssl=1&resize=350%2C200","width":350,"height":200},"classes":[]},{"id":9986,"url":"https:\/\/uscatletica.ch\/wp\/?p=9986","url_meta":{"origin":9859,"position":5},"title":"GIADA ARGENTO E PRIMATO TICINESE U20 (aggiornamenti continui)","author":"Leonida Stampanoni","date":"22 Febbraio 2020","format":false,"excerpt":"Ottima giornata per le USCine ai Campionati svizzeri giovanili indoor di Macolin \u00a0Giada vince la medaglia d'argento con il nuovo primato ticinese U20 mentre Matilda si guadagna la finale B sui 60 m con un ottimo 8\"13 \u00a0Nella finale B Matilda corre in 8\"15 per chiudere al 14 rango .\u00a0\u2026","rel":"","context":"In &quot;Pista&quot;","block_context":{"text":"Pista","link":"https:\/\/uscatletica.ch\/wp\/?cat=4"},"img":{"alt_text":"","src":"https:\/\/i0.wp.com\/uscatletica.ch\/wp\/wp-content\/uploads\/2020\/01\/10.jpg?fit=432%2C288&ssl=1&resize=350%2C200","width":350,"height":200},"classes":[]}],"_links":{"self":[{"href":"https:\/\/uscatletica.ch\/wp\/index.php?rest_route=\/wp\/v2\/posts\/9859","targetHints":{"allow":["GET"]}}],"collection":[{"href":"https:\/\/uscatletica.ch\/wp\/index.php?rest_route=\/wp\/v2\/posts"}],"about":[{"href":"https:\/\/uscatletica.ch\/wp\/index.php?rest_route=\/wp\/v2\/types\/post"}],"author":[{"embeddable":true,"href":"https:\/\/uscatletica.ch\/wp\/index.php?rest_route=\/wp\/v2\/users\/4"}],"replies":[{"embeddable":true,"href":"https:\/\/uscatletica.ch\/wp\/index.php?rest_route=%2Fwp%2Fv2%2Fcomments&post=9859"}],"version-history":[{"count":1,"href":"https:\/\/uscatletica.ch\/wp\/index.php?rest_route=\/wp\/v2\/posts\/9859\/revisions"}],"predecessor-version":[{"id":9860,"href":"https:\/\/uscatletica.ch\/wp\/index.php?rest_route=\/wp\/v2\/posts\/9859\/revisions\/9860"}],"wp:featuredmedia":[{"embeddable":true,"href":"https:\/\/uscatletica.ch\/wp\/index.php?rest_route=\/wp\/v2\/media\/9208"}],"wp:attachment":[{"href":"https:\/\/uscatletica.ch\/wp\/index.php?rest_route=%2Fwp%2Fv2%2Fmedia&parent=9859"}],"wp:term":[{"taxonomy":"category","embeddable":true,"href":"https:\/\/uscatletica.ch\/wp\/index.php?rest_route=%2Fwp%2Fv2%2Fcategories&post=9859"},{"taxonomy":"post_tag","embeddable":true,"href":"https:\/\/uscatletica.ch\/wp\/index.php?rest_route=%2Fwp%2Fv2%2Ftags&post=9859"}],"curies":[{"name":"wp","href":"https:\/\/api.w.org\/{rel}","templated":true}]}}